{"id":22207,"date":"2026-09-01T16:41:46","date_gmt":"2026-09-01T14:41:46","guid":{"rendered":"https:\/\/soniapena.com\/?p=22207"},"modified":"2026-09-01T16:51:12","modified_gmt":"2026-09-01T14:51:12","slug":"tendencias-de-moda-otono-invierno-2026-2027","status":"publish","type":"post","link":"https:\/\/soniapena.com\/pt-pt\/blog\/tendencias-de-moda-otono-invierno-2026-2027\/","title":{"rendered":"Tendencias de moda oto\u00f1o-invierno 2026-2027: as\u00ed las interpreta Sonia Pe\u00f1a"},"content":{"rendered":"\n<p class=\"wp-block-paragraph\">La moda oto\u00f1o-invierno 2026-2027 llega con ganas de hacerse notar, pero no necesariamente de llenar el armario de prendas nuevas. Colores profundos, vol\u00famenes bien colocados, capas, tejidos con textura y detalles especiales son algunas de las claves que est\u00e1n marcando las pasarelas de la temporada.<\/p>\n\n\n\n<p class=\"wp-block-paragraph\"><strong>En Sonia Pe\u00f1a, esta nueva temporada se interpreta desde una idea especialmente pr\u00e1ctica: un buen vestido de fiesta no tiene por qu\u00e9 pertenecer a una sola estaci\u00f3n. Un dise\u00f1o de entretiempo puede adquirir una lectura completamente diferente con una capa, unos guantes largos, un zapato cerrado o unos complementos con m\u00e1s textura.<\/strong><\/p>\n\n\n\n<p class=\"wp-block-paragraph\">En la moda de ceremonia y fiesta, muchas de estas tendencias pueden trasladarse a vestidos que ya funcionan durante otras \u00e9pocas del a\u00f1o. <strong>No se trata de seguir literalmente cada tendencia, sino de adaptarla a una mujer real, a una ocasi\u00f3n concreta y a un look que siga resultando elegante m\u00e1s all\u00e1 de una sola temporada.<\/strong><\/p>\n\n\n\n<p class=\"wp-block-paragraph\">Desde Sonia Pe\u00f1a seleccionamos las tendencias que mejor encajan con la elegancia de la firma y te contamos c\u00f3mo llevarlas a bodas, galas, cenas y eventos durante los pr\u00f3ximos meses.<\/p>\n\n\n\n<div style=\"height:20px\" aria-hidden=\"true\" class=\"wp-block-spacer\"><\/div>\n\n\n\n<h2 class=\"wp-block-heading\"><strong>Colores oto\u00f1o-invierno 2026-2027: los tonos que marcan la temporada<\/strong><\/h2>\n\n\n\n<p class=\"wp-block-paragraph\">Si hay una tendencia especialmente f\u00e1cil de trasladar a un look de fiesta, es el color. Y este oto\u00f1o-invierno no todo pasa por vestir de negro.<\/p>\n\n\n\n<p class=\"wp-block-paragraph\">Las pasarelas est\u00e1n recuperando tonos profundos y sofisticados junto a acabados m\u00e1s luminosos. <strong>La clave est\u00e1 en entender que un mismo color puede cambiar completamente seg\u00fan el tejido, el calzado y los complementos con los que se combine.<\/strong><\/p>\n\n\n\n<p class=\"wp-block-paragraph\">Se ha visto en las colecciones de firmas como Carolina Herrera, Balenciaga, Michael Kors o Tory Burch y aparece tanto en vestidos como en prendas estructuradas y total looks.<\/p>\n\n\n\n<div style=\"height:20px\" aria-hidden=\"true\" class=\"wp-block-spacer\"><\/div>\n\n\n\n<h3 class=\"wp-block-heading\"><strong>El dorado gana protagonismo<\/strong><\/h3>\n\n\n\n<p class=\"wp-block-paragraph\">El dorado deja de aparecer \u00fanicamente en pendientes o bolsos para trasladarse tambi\u00e9n a tejidos, bordados, pedrer\u00eda y detalles con brillo.<\/p>\n\n\n\n<p class=\"wp-block-paragraph\">Para llevarlo a un evento sin sobrecargar el resultado, la clave est\u00e1 en dejar que el acabado tenga el protagonismo. Un vestido con detalles metalizados necesita pocos accesorios: unos pendientes sencillos, un bolso peque\u00f1o y un calzado limpio pueden ser suficientes.<\/p>\n\n\n\n<p class=\"wp-block-paragraph\"><strong>As\u00ed lo interpreta Sonia Pe\u00f1a:<\/strong><\/p>\n\n\n\n<p class=\"wp-block-paragraph\"><strong>El brillo funciona especialmente bien cuando aparece de forma localizada, como en una aplicaci\u00f3n, una hebilla, una pedrer\u00eda o un detalle del tejido. De esta forma aporta sofisticaci\u00f3n sin convertir el conjunto en algo excesivo.<\/strong><\/p>\n\n\n\n<div style=\"height:20px\" aria-hidden=\"true\" class=\"wp-block-spacer\"><\/div>\n\n\n\n<h3 class=\"wp-block-heading\"><strong>Negro, chocolate y tonos profundos: los cl\u00e1sicos contin\u00faan<\/strong><\/h3>\n\n\n\n<p class=\"wp-block-paragraph\">El negro y los marrones siguen formando parte de la paleta del invierno, pero esta temporada interesa m\u00e1s c\u00f3mo se llevan que el color por s\u00ed mismo.<\/p>\n\n\n\n<p class=\"wp-block-paragraph\">La combinaci\u00f3n de texturas, los escotes especiales y los detalles de construcci\u00f3n evitan que un vestido oscuro resulte plano.<\/p>\n\n\n\n<p class=\"wp-block-paragraph\">Un dise\u00f1o en un tono profundo puede ganar presencia con una capa, una aplicaci\u00f3n de pedrer\u00eda, una manga de gasa o unos complementos metalizados.<\/p>\n\n\n\n<p class=\"wp-block-paragraph\"><strong>As\u00ed lo interpreta Sonia Pe\u00f1a:<\/strong><\/p>\n\n\n\n<p class=\"wp-block-paragraph\"><strong>En los tonos oscuros, son los detalles de construcci\u00f3n los que marcan la diferencia: una cintura definida, un escote especial o una capa pueden aportar toda la presencia que necesita el look.<\/strong>&nbsp;<\/p>\n\n\n\n<div style=\"height:20px\" aria-hidden=\"true\" class=\"wp-block-spacer\"><\/div>\n\n\n\n<h3 class=\"wp-block-heading\"><strong>Colores intensos tambi\u00e9n en invierno<\/strong><\/h3>\n\n\n\n<p class=\"wp-block-paragraph\">Un fucsia, un rojo, un azul intenso o un verde esmeralda no dejan de funcionar cuando termina el verano.<\/p>\n\n\n\n<p class=\"wp-block-paragraph\"><strong>De hecho, uno de los recursos m\u00e1s interesantes para reutilizar un vestido entre temporadas consiste precisamente en mantener el color y cambiar todo lo que lo acompa\u00f1a.<\/strong><\/p>\n\n\n\n<p class=\"wp-block-paragraph\">Un vestido rojo puede pasar de septiembre a diciembre sustituyendo una sandalia ligera por un sal\u00f3n, a\u00f1adiendo unos guantes largos o incorporando una capa o un bolso con mayor textura.<\/p>\n\n\n\n<p class=\"wp-block-paragraph\"><strong>As\u00ed lo interpreta Sonia Pe\u00f1a:<\/strong><\/p>\n\n\n\n<p class=\"wp-block-paragraph\"><strong>El rojo, el fucsia, el azul o el verde pueden mantenerse durante toda la temporada. El cambio est\u00e1 en c\u00f3mo se acompa\u00f1an: un sal\u00f3n, unos guantes, una capa o un bolso con textura pueden llevar el mismo vestido hacia un contexto mucho m\u00e1s invernal.<\/strong><\/p>\n\n\n\n<div style=\"height:20px\" aria-hidden=\"true\" class=\"wp-block-spacer\"><\/div>\n\n\n\n<h2 class=\"wp-block-heading\"><strong>Las capas se convierten en parte del look<\/strong><\/h2>\n\n\n\n<p class=\"wp-block-paragraph\">Hay tendencias que son bonitas sobre una pasarela y otras que, adem\u00e1s, solucionan un problema. Las capas pertenecen al segundo grupo.<\/p>\n\n\n\n<p class=\"wp-block-paragraph\">Para una invitada tienen una ventaja evidente: permiten a\u00f1adir cobertura sin esconder el vestido debajo de una prenda que no tiene nada que ver con \u00e9l.<\/p>\n\n\n\n<p class=\"wp-block-paragraph\">Una capa que nace del propio dise\u00f1o, una manga amplia de gasa o un chal coordinado mantienen el movimiento de la prenda y consiguen que todo el conjunto se vea pensado desde el principio.<\/p>\n\n\n\n<p class=\"wp-block-paragraph\"><strong>Adem\u00e1s, son una de las formas m\u00e1s sencillas de transformar un vestido de entretiempo en una propuesta de oto\u00f1o o invierno.<\/strong><\/p>\n\n\n\n<p class=\"wp-block-paragraph\"><strong>As\u00ed lo interpreta Sonia Pe\u00f1a:<\/strong><\/p>\n\n\n\n<p class=\"wp-block-paragraph\"><strong>En Sonia Pe\u00f1a, las capas y los chales no se entienden s\u00f3lo como un recurso para abrigar. Forman parte del dise\u00f1o, aportan movimiento y permiten adaptar un look a temperaturas m\u00e1s bajas sin perder la silueta ni la presencia del vestido.<\/strong><\/p>\n\n\n\n<div style=\"height:40px\" aria-hidden=\"true\" class=\"wp-block-spacer\"><\/div>\n\n\n\n<figure class=\"wp-block-image aligncenter size-large\"><img fetchpriority=\"high\" decoding=\"async\" width=\"819\" height=\"1024\" src=\"https:\/\/soniapena.com\/wp-content\/uploads\/2026\/09\/Vestido-largo-en-crep-confort-con-mangas-tipo-capa-819x1024.webp\" alt=\"Vestido de fiesta con capa para oto\u00f1o invierno 2026 2027\" class=\"wp-image-22214\" srcset=\"https:\/\/soniapena.com\/wp-content\/uploads\/2026\/09\/Vestido-largo-en-crep-confort-con-mangas-tipo-capa-819x1024.webp 819w, https:\/\/soniapena.com\/wp-content\/uploads\/2026\/09\/Vestido-largo-en-crep-confort-con-mangas-tipo-capa-240x300.webp 240w, https:\/\/soniapena.com\/wp-content\/uploads\/2026\/09\/Vestido-largo-en-crep-confort-con-mangas-tipo-capa-299x374.webp 299w, https:\/\/soniapena.com\/wp-content\/uploads\/2026\/09\/Vestido-largo-en-crep-confort-con-mangas-tipo-capa-767x959.webp 767w, https:\/\/soniapena.com\/wp-content\/uploads\/2026\/09\/Vestido-largo-en-crep-confort-con-mangas-tipo-capa-1080x1349.webp 1080w, https:\/\/soniapena.com\/wp-content\/uploads\/2026\/09\/Vestido-largo-en-crep-confort-con-mangas-tipo-capa.webp 1122w\" sizes=\"(max-width: 819px) 100vw, 819px\" \/><\/figure>\n\n\n\n<p style=\"text-align: center;\" dir=\"ltr\">\n  <a style=\"display: inline-block; background-color: #000000; color: #ffffff; padding: 6px 18px; font-size: 13px; text-decoration: none; border-radius: 4px;\" href=\"https:\/\/soniapena.com\/producto\/1260073\/\">\n    VER EL VESTIDO\n  <\/a>\n<\/p>\n\n\n\n<div style=\"height:20px\" aria-hidden=\"true\" class=\"wp-block-spacer\"><\/div>\n\n\n\n<h2 class=\"wp-block-heading\"><strong>Los hombros vuelven a tener protagonismo<\/strong><\/h2>\n\n\n\n<p class=\"wp-block-paragraph\">La temporada tambi\u00e9n pone el foco en la zona de los hombros. Escotes Bardot, palabra de honor, asimetr\u00edas y mangas especiales permiten construir una silueta con m\u00e1s presencia sin necesidad de a\u00f1adir demasiados elementos.<\/p>\n\n\n\n<p class=\"wp-block-paragraph\">En un look de fiesta no hace falta llevar esta tendencia al extremo. Un escote Bardot, una manga especial, un hombro asim\u00e9trico o una capa pueden conseguir el mismo efecto de una forma mucho m\u00e1s f\u00e1cil de llevar.<\/p>\n\n\n\n<p class=\"wp-block-paragraph\">Y hay una ventaja a\u00f1adida: cuando la parte superior del vestido ya tiene suficiente personalidad, puedes reducir los accesorios.<\/p>\n\n\n\n<p class=\"wp-block-paragraph\"><strong>As\u00ed lo interpreta Sonia Pe\u00f1a:<\/strong><\/p>\n\n\n\n<p class=\"wp-block-paragraph\"><strong>Los escotes especiales son una de las se\u00f1as de identidad que mejor permiten trasladar esta tendencia a ocasiones reales. Un Bardot, un asim\u00e9trico o un escote limpio pueden adquirir una lectura mucho m\u00e1s invernal con guantes, capas o tejidos con mayor estructura.<\/strong><\/p>\n\n\n\n<div style=\"height:20px\" aria-hidden=\"true\" class=\"wp-block-spacer\"><\/div>\n\n\n\n<h2 class=\"wp-block-heading\"><strong>Flores y volantes tambi\u00e9n son para el invierno<\/strong><\/h2>\n\n\n\n<p class=\"wp-block-paragraph\">Las flores no desaparecen con el buen tiempo. Lo que cambia es la forma de llevarlas.<\/p>\n\n\n\n<p class=\"wp-block-paragraph\">En oto\u00f1o e invierno, los detalles florales ganan peso a trav\u00e9s de aplicaciones, bordados y elementos con volumen, mientras que los volantes siguen funcionando como recurso para aportar movimiento.<\/p>\n\n\n\n<p class=\"wp-block-paragraph\">En Sonia Pe\u00f1a, esta idea puede trasladarse a flores decorativas, volantes localizados, drapeados o detalles que aporten movimiento a una zona concreta del vestido.<\/p>\n\n\n\n<p class=\"wp-block-paragraph\">La regla para llevarlos con elegancia es sencilla: si el detalle ya llama la atenci\u00f3n, no necesita competir con otros tres.<\/p>\n\n\n\n<p class=\"wp-block-paragraph\"><strong>As\u00ed lo interpreta Sonia Pe\u00f1a:<\/strong><\/p>\n\n\n\n<p class=\"wp-block-paragraph\"><strong>Una flor aplicada, un volante o un drapeado funcionan especialmente bien cuando se concentran en una zona concreta del dise\u00f1o. Aportan personalidad y presencia sin sobrecargar el conjunto.<\/strong><\/p>\n\n\n\n<div style=\"height:40px\" aria-hidden=\"true\" class=\"wp-block-spacer\"><\/div>\n\n\n\n<figure class=\"wp-block-image aligncenter size-large\"><img decoding=\"async\" width=\"819\" height=\"1024\" src=\"https:\/\/soniapena.com\/wp-content\/uploads\/2026\/09\/Vestido-Midi-de-Gasa-Estampada-con-Escote-Abertura-Central-819x1024.webp\" alt=\"Vestido de fiesta con detalles florales tendencia oto\u00f1o invierno 2026\" class=\"wp-image-22221\" srcset=\"https:\/\/soniapena.com\/wp-content\/uploads\/2026\/09\/Vestido-Midi-de-Gasa-Estampada-con-Escote-Abertura-Central-819x1024.webp 819w, https:\/\/soniapena.com\/wp-content\/uploads\/2026\/09\/Vestido-Midi-de-Gasa-Estampada-con-Escote-Abertura-Central-240x300.webp 240w, https:\/\/soniapena.com\/wp-content\/uploads\/2026\/09\/Vestido-Midi-de-Gasa-Estampada-con-Escote-Abertura-Central-767x959.webp 767w, https:\/\/soniapena.com\/wp-content\/uploads\/2026\/09\/Vestido-Midi-de-Gasa-Estampada-con-Escote-Abertura-Central-299x374.webp 299w, https:\/\/soniapena.com\/wp-content\/uploads\/2026\/09\/Vestido-Midi-de-Gasa-Estampada-con-Escote-Abertura-Central-1080x1349.webp 1080w, https:\/\/soniapena.com\/wp-content\/uploads\/2026\/09\/Vestido-Midi-de-Gasa-Estampada-con-Escote-Abertura-Central.webp 1122w\" sizes=\"(max-width: 819px) 100vw, 819px\" \/><\/figure>\n\n\n\n<p style=\"text-align: center;\" dir=\"ltr\">\n  <a style=\"display: inline-block; background-color: #000000; color: #ffffff; padding: 6px 18px; font-size: 13px; text-decoration: none; border-radius: 4px;\" href=\"https:\/\/soniapena.com\/producto\/1260018\/\">\n    VER EL VESTIDO\n  <\/a>\n<\/p>\n\n\n\n<div style=\"height:20px\" aria-hidden=\"true\" class=\"wp-block-spacer\"><\/div>\n\n\n\n<h2 class=\"wp-block-heading\"><strong>Los tejidos ganan textura y presencia<\/strong><\/h2>\n\n\n\n<p class=\"wp-block-paragraph\">En oto\u00f1o e invierno, el tejido se vuelve todav\u00eda m\u00e1s importante. No solo porque cambia la sensaci\u00f3n t\u00e9rmica, sino porque puede conseguir que una silueta sencilla tenga mucha m\u00e1s presencia.<\/p>\n\n\n\n<p class=\"wp-block-paragraph\">En moda de fiesta, cada material puede aportar algo distinto:<\/p>\n\n\n\n<ul class=\"wp-block-list\">\n<li>Crep\u00e9: una ca\u00edda limpia y una silueta definida.<\/li>\n\n\n\n<li>Mikado: m\u00e1s estructura y volumen.<\/li>\n\n\n\n<li>Gasa: ligereza y movimiento en mangas o capas.<\/li>\n\n\n\n<li>Sat\u00e9n: luminosidad y una lectura m\u00e1s nocturna.<\/li>\n\n\n\n<li>Jacquard: textura y presencia sin necesidad de demasiados adornos.<\/li>\n\n\n\n<li>Terciopelo: profundidad y un aire especialmente invernal.<\/li>\n<\/ul>\n\n\n\n<div style=\"height:11px\" aria-hidden=\"true\" class=\"wp-block-spacer\"><\/div>\n\n\n\n<p class=\"wp-block-paragraph\"><strong>Pero no todos los vestidos necesitan un tejido pesado para funcionar en invierno. Un dise\u00f1o de crep\u00e9 o gasa puede seguir teniendo sentido si se acompa\u00f1a de una capa, un abrigo de vestir, guantes o accesorios con m\u00e1s textura.<\/strong><\/p>\n\n\n\n<p class=\"wp-block-paragraph\"><strong>As\u00ed lo interpreta Sonia Pe\u00f1a:<\/strong><\/p>\n\n\n\n<p class=\"wp-block-paragraph\"><strong>El tejido se utiliza para construir el efecto final del vestido: estructura, movimiento, brillo o ligereza. Por eso, m\u00e1s que pensar en materiales \u201cde verano\u201d o \u201cde invierno\u201d, conviene valorar c\u00f3mo se integra cada dise\u00f1o dentro del look completo.<\/strong><\/p>\n\n\n\n<div style=\"height:20px\" aria-hidden=\"true\" class=\"wp-block-spacer\"><\/div>\n\n\n\n<h2 class=\"wp-block-heading\"><strong>C\u00f3mo llevar las tendencias de la temporada al estilo Sonia Pe\u00f1a<\/strong><\/h2>\n\n\n\n<p class=\"wp-block-paragraph\"><strong>Sonia Pe\u00f1a no sigue literalmente las tendencias, las interpreta para una mujer real y para ocasiones reales.<\/strong><\/p>\n\n\n\n<p class=\"wp-block-paragraph\">Las tendencias sirven como inspiraci\u00f3n, pero no todas tienen que trasladarse literalmente al armario. <strong>La clave est\u00e1 en seleccionar aquello que favorece, que tiene sentido en una celebraci\u00f3n y que puede seguir funcionando cuando termina la temporada.<\/strong><\/p>\n\n\n\n<div style=\"height:20px\" aria-hidden=\"true\" class=\"wp-block-spacer\"><\/div>\n\n\n\n<h3 class=\"wp-block-heading\"><strong>Un vestido de hombros descubiertos + guantes largos<\/strong><\/h3>\n\n\n\n<p class=\"wp-block-paragraph\">Los escotes abiertos no tienen por qu\u00e9 desaparecer cuando llega el fr\u00edo.<\/p>\n\n\n\n<p class=\"wp-block-paragraph\">Un vestido palabra de honor o con escote Bardot puede adquirir una lectura completamente distinta con unos guantes largos. En negro o en el mismo tono del vestido, ayudan a llevar el dise\u00f1o hacia un contexto de gala o celebraci\u00f3n invernal.<\/p>\n\n\n\n<p class=\"wp-block-paragraph\"><strong>Este recurso es especialmente interesante para reutilizar un vestido que ya has llevado en entretiempo. Cambia la estaci\u00f3n sin necesidad de cambiar la prenda principal.<\/strong><\/p>\n\n\n\n<div style=\"height:20px\" aria-hidden=\"true\" class=\"wp-block-spacer\"><\/div>\n\n\n\n<h3 class=\"wp-block-heading\"><strong>Un vestido con capa + accesorios m\u00ednimos<\/strong><\/h3>\n\n\n\n<p class=\"wp-block-paragraph\">Cuando el vestido incorpora una capa, el movimiento ya forma parte del dise\u00f1o.<\/p>\n\n\n\n<p class=\"wp-block-paragraph\">Aqu\u00ed los complementos pueden pasar a segundo plano: un pendiente especial, un clutch y un sal\u00f3n son suficientes para construir un look con presencia.<\/p>\n\n\n\n<p class=\"wp-block-paragraph\"><strong>Adem\u00e1s, la capa permite mantener la coherencia del conjunto cuando bajan las temperaturas, algo que no siempre ocurre cuando se a\u00f1ade un abrigo improvisado al final.<\/strong><\/p>\n\n\n\n<div style=\"height:20px\" aria-hidden=\"true\" class=\"wp-block-spacer\"><\/div>\n\n\n\n<h3 class=\"wp-block-heading\"><strong>Un color intenso + complementos de invierno<\/strong><\/h3>\n\n\n\n<p class=\"wp-block-paragraph\">Un vestido rojo, azul, fucsia o verde no deja de funcionar porque termine el verano.<\/p>\n\n\n\n<p class=\"wp-block-paragraph\">La diferencia est\u00e1 en sustituir una sandalia ligera por un sal\u00f3n, incorporar un bolso con mayor textura o a\u00f1adir una capa, unos guantes o una estola.<\/p>\n\n\n\n<p class=\"wp-block-paragraph\"><strong>Es una de las formas m\u00e1s sencillas de dar una segunda vida a un vestido sin perder el protagonismo del color.<\/strong><\/p>\n\n\n\n<div style=\"height:20px\" aria-hidden=\"true\" class=\"wp-block-spacer\"><\/div>\n\n\n\n<h3 class=\"wp-block-heading\"><strong>Un vestido con pedrer\u00eda + joyas discretas<\/strong><\/h3>\n\n\n\n<p class=\"wp-block-paragraph\">Si el dise\u00f1o ya incorpora brillo, bordados o aplicaciones, no es necesario repetir ese protagonismo en pendientes, collar y bolso.<\/p>\n\n\n\n<p class=\"wp-block-paragraph\">La sofisticaci\u00f3n suele estar m\u00e1s cerca de saber qu\u00e9 quitar que de seguir a\u00f1adiendo.<\/p>\n\n\n\n<p class=\"wp-block-paragraph\"><strong>As\u00ed lo interpreta Sonia Pe\u00f1a:<\/strong><\/p>\n\n\n\n<p class=\"wp-block-paragraph\"><strong>El detalle especial debe tener espacio para respirar. Una pedrer\u00eda bien colocada, una hebilla o una aplicaci\u00f3n pueden ser suficientes para elevar el vestido sin necesidad de acumular accesorios.<\/strong><\/p>\n\n\n\n<div style=\"height:40px\" aria-hidden=\"true\" class=\"wp-block-spacer\"><\/div>\n\n\n\n<figure class=\"wp-block-image aligncenter size-large\"><img decoding=\"async\" width=\"819\" height=\"1024\" src=\"https:\/\/soniapena.com\/wp-content\/uploads\/2026\/09\/Vestido-Midi-en-Crep-con-Aplique-Joya-Central-819x1024.webp\" alt=\"Vestido midi en crep con escote en pico, mangas francesas y detalle fruncido en la cintura con aplique joya central. Una opci\u00f3n refinada para comuniones, bautizos y bodas de d\u00eda.\" class=\"wp-image-22227\" srcset=\"https:\/\/soniapena.com\/wp-content\/uploads\/2026\/09\/Vestido-Midi-en-Crep-con-Aplique-Joya-Central-819x1024.webp 819w, https:\/\/soniapena.com\/wp-content\/uploads\/2026\/09\/Vestido-Midi-en-Crep-con-Aplique-Joya-Central-240x300.webp 240w, https:\/\/soniapena.com\/wp-content\/uploads\/2026\/09\/Vestido-Midi-en-Crep-con-Aplique-Joya-Central-768x960.webp 768w, https:\/\/soniapena.com\/wp-content\/uploads\/2026\/09\/Vestido-Midi-en-Crep-con-Aplique-Joya-Central-1229x1536.webp 1229w, https:\/\/soniapena.com\/wp-content\/uploads\/2026\/09\/Vestido-Midi-en-Crep-con-Aplique-Joya-Central-1638x2048.webp 1638w, https:\/\/soniapena.com\/wp-content\/uploads\/2026\/09\/Vestido-Midi-en-Crep-con-Aplique-Joya-Central-300x375.webp 300w, https:\/\/soniapena.com\/wp-content\/uploads\/2026\/09\/Vestido-Midi-en-Crep-con-Aplique-Joya-Central-1080x1350.webp 1080w, https:\/\/soniapena.com\/wp-content\/uploads\/2026\/09\/Vestido-Midi-en-Crep-con-Aplique-Joya-Central-scaled.webp 2048w\" sizes=\"(max-width: 819px) 100vw, 819px\" \/><\/figure>\n\n\n\n<p style=\"text-align: center;\" dir=\"ltr\">\n  <a style=\"display: inline-block; background-color: #000000; color: #ffffff; padding: 6px 18px; font-size: 13px; text-decoration: none; border-radius: 4px;\" href=\"https:\/\/soniapena.com\/producto\/1260087a\/\">\n    VER EL VESTIDO\n  <\/a>\n<\/p>\n\n\n\n<div style=\"height:20px\" aria-hidden=\"true\" class=\"wp-block-spacer\"><\/div>\n\n\n\n<h2 class=\"wp-block-heading\"><strong>C\u00f3mo adaptar un vestido de fiesta al oto\u00f1o-invierno<\/strong><\/h2>\n\n\n\n<p class=\"wp-block-paragraph\"><strong>Una de las ideas m\u00e1s interesantes de la temporada es precisamente esta: no siempre necesitas otro vestido, sino otra manera de llevarlo.<\/strong><\/p>\n\n\n\n<p class=\"wp-block-paragraph\">Un vestido que has utilizado en una celebraci\u00f3n de primavera o de principios de oto\u00f1o puede seguir funcionando varios meses despu\u00e9s si cambia el contexto del look.<\/p>\n\n\n\n<p class=\"wp-block-paragraph\">Para transformarlo cuando bajan las temperaturas:<\/p>\n\n\n\n<ul class=\"wp-block-list\">\n<li>Cambia las sandalias por salones, zapatos cerrados o modelos destalonados.<\/li>\n\n\n\n<li>A\u00f1ade guantes largos a escotes Bardot o palabra de honor.<\/li>\n\n\n\n<li>Incorpora una capa, un chal o una estola coordinada.<\/li>\n\n\n\n<li>Introduce terciopelo, sat\u00e9n o acabados metalizados en bolso y calzado.<\/li>\n\n\n\n<li>Lleva colores luminosos con accesorios m\u00e1s profundos.<\/li>\n\n\n\n<li>Utiliza medias cuando el dise\u00f1o del vestido y el tipo de evento lo permitan.<\/li>\n\n\n\n<li>Elige un abrigo de vestir que acompa\u00f1e la silueta y no tape por completo el dise\u00f1o.<\/li>\n\n\n\n<li>Introduce joyas o accesorios con una presencia algo mayor cuando el vestido sea especialmente limpio.<\/li>\n<\/ul>\n\n\n\n<p class=\"wp-block-paragraph\"><strong>Muchas veces, la diferencia entre un look de septiembre y uno de diciembre no est\u00e1 en el vestido, sino en todo lo que construyes alrededor.<\/strong><\/p>\n\n\n\n<div style=\"height:20px\" aria-hidden=\"true\" class=\"wp-block-spacer\"><\/div>\n\n\n\n<h2 class=\"wp-block-heading\"><strong>C\u00f3mo llevar estas tendencias seg\u00fan el evento<\/strong><\/h2>\n\n\n\n<h3 class=\"wp-block-heading\"><strong>Para una boda de oto\u00f1o<\/strong><\/h3>\n\n\n\n<p class=\"wp-block-paragraph\">Los vestidos midi, las capas, las mangas fluidas y los colores profundos funcionan especialmente bien.<\/p>\n\n\n\n<p class=\"wp-block-paragraph\">Si tienes una celebraci\u00f3n pr\u00f3xima, puedes consultar nuestra <strong><a href=\"https:\/\/soniapena.com\/blog\/vestido-de-invitada-para-una-boda-de-otono\/\">gu\u00eda sobre c\u00f3mo elegir un vestido de invitada para una boda de oto\u00f1o.<\/a><\/strong><\/p>\n\n\n\n<div style=\"height:20px\" aria-hidden=\"true\" class=\"wp-block-spacer\"><\/div>\n\n\n\n<h3 class=\"wp-block-heading\"><strong>Para una gala o evento formal<\/strong><\/h3>\n\n\n\n<p class=\"wp-block-paragraph\">Aqu\u00ed puedes aumentar la presencia con vestidos largos, escotes protagonistas, tejidos estructurados, guantes o detalles de pedrer\u00eda.<\/p>\n\n\n\n<p class=\"wp-block-paragraph\">En nuestra <strong><a href=\"https:\/\/soniapena.com\/blog\/como-vestir-para-un-evento-formal\/\">gu\u00eda sobre c\u00f3mo vestir para un evento formal<\/a><\/strong> encontrar\u00e1s m\u00e1s claves y ejemplos de Sonia Pe\u00f1a vistos en algunas de las grandes galas de Marbella.<\/p>\n\n\n\n<div style=\"height:20px\" aria-hidden=\"true\" class=\"wp-block-spacer\"><\/div>\n\n\n\n<h3 class=\"wp-block-heading\"><strong>Para una celebraci\u00f3n de invierno<\/strong><\/h3>\n\n\n\n<p class=\"wp-block-paragraph\">Piensa el look completo desde el principio. El vestido, la capa o abrigo, los zapatos y los accesorios tienen que funcionar juntos para que la necesidad de abrigarse no termine rompiendo el conjunto.<\/p>\n\n\n\n<p class=\"wp-block-paragraph\"><strong>Un dise\u00f1o de entretiempo puede seguir funcionando si la cobertura y los complementos est\u00e1n bien integrados desde el inicio.<\/strong><\/p>\n\n\n\n<div style=\"height:20px\" aria-hidden=\"true\" class=\"wp-block-spacer\"><\/div>\n\n\n\n<h2 class=\"wp-block-heading\"><strong>Las tendencias que merece la pena incorporar<\/strong><\/h2>\n\n\n\n<p class=\"wp-block-paragraph\">Las tendencias cambian cada temporada, pero no todas necesitan convertirse en una nueva compra.<\/p>\n\n\n\n<p class=\"wp-block-paragraph\">Para un armario de fiesta, merece m\u00e1s la pena apostar por aquellas que pueden seguir funcionando durante varios a\u00f1os: un color que favorezca, una silueta bien construida, una capa elegante, un buen tejido o un dise\u00f1o con un detalle especial.<\/p>\n\n\n\n<p class=\"wp-block-paragraph\"><strong>Ah\u00ed est\u00e1 una de las claves de una compra m\u00e1s inteligente: elegir prendas con suficiente presencia para una ocasi\u00f3n especial, pero tambi\u00e9n con margen para reinterpretarlas despu\u00e9s.<\/strong><\/p>\n\n\n\n<p class=\"wp-block-paragraph\">El mismo vestido puede sentirse diferente en una boda de septiembre, una gala de noviembre o una cena especial en pleno invierno si sabes adaptar todo lo que lo acompa\u00f1a.<\/p>\n\n\n\n<p class=\"wp-block-paragraph\"><strong>Sonia Pe\u00f1a no sigue literalmente las tendencias: las interpreta para una mujer real, para ocasiones reales y para un armario que pueda ir m\u00e1s all\u00e1 de una sola temporada.<\/strong><\/p>\n\n\n\n<p class=\"wp-block-paragraph\">Sigue descubriendo los dise\u00f1os de Sonia Pe\u00f1a y encuentra inspiraci\u00f3n para tus pr\u00f3ximas ocasiones especiales.<\/p>\n\n\n\n<div style=\"height:20px\" aria-hidden=\"true\" class=\"wp-block-spacer\"><\/div>\n\n\n\n<style>\n  .faq-section {\n    margin: 0;\n    width: 100%;\n    font-family: inherit;\n  }\n\n  .faq-item {\n    width: 100%;\n  }\n\n  .faq-item summary {\n    list-style: none;\n    display: flex;\n    align-items: center;\n    cursor: pointer;\n    padding: 15px 0;\n    border-bottom: 1px solid #e0e0e0;\n  }\n\n  .faq-item summary::-webkit-details-marker {\n    display: none;\n  }\n\n  .faq-item summary::before {\n    content: \"\";\n    display: inline-block;\n    width: 0;\n    height: 0;\n    border-top: 6px solid transparent;\n    border-bottom: 6px solid transparent;\n    border-left: 10px solid #000;\n    margin-right: 15px;\n    transition: transform 0.3s ease;\n    flex-shrink: 0;\n  }\n\n  .faq-item[open] summary::before {\n    transform: rotate(90deg);\n  }\n\n  .faq-item summary h3 {\n    display: inline;\n    margin: 0;\n    font-family: inherit;\n    font-size: 1.1rem;\n    line-height: 1.4;\n    color: #000;\n    text-align: left;\n    font-weight: 400;\n  }\n\n  .faq-content {\n    padding: 15px 25px;\n    background-color: #f9f9f9;\n    border-bottom: 1px solid #e0e0e0;\n    text-align: left;\n    font-family: inherit;\n    font-size: 1rem;\n    line-height: 1.6;\n    font-weight: 400;\n    color: #000;\n  }\n\n  .faq-content p {\n    margin: 0;\n    font: inherit;\n    color: inherit;\n  }\n<\/style>\n\n<div class=\"faq-section\">\n\n  <h2>Preguntas frecuentes sobre la moda oto\u00f1o-invierno 2026-2027<\/h2>\n\n  <details class=\"faq-item\">\n    <summary>\n      <h3>\u00bfCu\u00e1les son las principales tendencias de moda oto\u00f1o-invierno 2026-2027?<\/h3>\n    <\/summary>\n    <div class=\"faq-content\">\n      <p>Entre las principales tendencias destacan los colores profundos, las capas, los escotes protagonistas, los vol\u00famenes localizados, los detalles florales y los tejidos con mayor textura y presencia.<\/p>\n    <\/div>\n  <\/details>\n\n  <details class=\"faq-item\">\n    <summary>\n      <h3>\u00bfCu\u00e1les son los colores tendencia oto\u00f1o-invierno 2026-2027?<\/h3>\n    <\/summary>\n    <div class=\"faq-content\">\n      <p>Los tonos berenjena, burdeos, chocolate y otros colores profundos ganan protagonismo, junto a propuestas m\u00e1s luminosas y metalizadas. Los colores intensos como rojo, fucsia, azul o verde tambi\u00e9n pueden funcionar perfectamente en invierno cuando se combinan con accesorios y tejidos propios de la temporada.<\/p>\n    <\/div>\n  <\/details>\n\n  <details class=\"faq-item\">\n    <summary>\n      <h3>\u00bfQu\u00e9 vestidos se llevan este oto\u00f1o-invierno?<\/h3>\n    <\/summary>\n    <div class=\"faq-content\">\n      <p>Destacan los vestidos con capa, escotes Bardot o asim\u00e9tricos, detalles florales, volantes, tejidos con textura y siluetas que ponen el foco en la cintura y los hombros.<\/p>\n    <\/div>\n  <\/details>\n\n  <details class=\"faq-item\">\n    <summary>\n      <h3>\u00bfSe puede llevar un vestido palabra de honor en invierno?\n<\/h3>\n    <\/summary>\n    <div class=\"faq-content\">\n      <p>S\u00ed. Un escote palabra de honor o Bardot puede adaptarse al invierno con una capa, un chal, una estola o unos guantes largos. No es necesario renunciar al vestido: basta con reinterpretar el conjunto.\n<\/p>\n    <\/div>\n  <\/details>\n\n  <details class=\"faq-item\">\n    <summary>\n      <h3>\u00bfC\u00f3mo adaptar un vestido de fiesta al invierno?\n<\/h3>\n    <\/summary>\n    <div class=\"faq-content\">\n      <p>Puedes hacerlo incorporando zapatos cerrados, guantes, capas, chales, estolas, medias y complementos en tejidos o colores m\u00e1s invernales. La clave est\u00e1 en pensar el look completo desde el principio para que todas las piezas funcionen juntas.\n<\/p>\n    <\/div>\n  <\/details>\n\n<\/div>\n","protected":false},"excerpt":{"rendered":"<p>La moda oto\u00f1o-invierno 2026-2027 llega con ganas de hacerse notar, pero no necesariamente de llenar el armario de prendas nuevas. Colores profundos, vol\u00famenes bien colocados, capas, tejidos con textura y detalles especiales son algunas de las claves que est\u00e1n marcando las pasarelas de la temporada. En Sonia Pe\u00f1a, esta nueva temporada se interpreta desde una [&hellip;]<\/p>\n","protected":false},"author":1,"featured_media":22214,"comment_status":"open","ping_status":"open","sticky":false,"template":"","format":"standard","meta":{"_joinchat":[],"footnotes":""},"categories":[301],"tags":[],"class_list":["post-22207","post","type-post","status-publish","format-standard","has-post-thumbnail","hentry","category-tendencias"],"_links":{"self":[{"href":"https:\/\/soniapena.com\/pt-pt\/wp-json\/wp\/v2\/posts\/22207","targetHints":{"allow":["GET"]}}],"collection":[{"href":"https:\/\/soniapena.com\/pt-pt\/wp-json\/wp\/v2\/posts"}],"about":[{"href":"https:\/\/soniapena.com\/pt-pt\/wp-json\/wp\/v2\/types\/post"}],"author":[{"embeddable":true,"href":"https:\/\/soniapena.com\/pt-pt\/wp-json\/wp\/v2\/users\/1"}],"replies":[{"embeddable":true,"href":"https:\/\/soniapena.com\/pt-pt\/wp-json\/wp\/v2\/comments?post=22207"}],"version-history":[{"count":6,"href":"https:\/\/soniapena.com\/pt-pt\/wp-json\/wp\/v2\/posts\/22207\/revisions"}],"predecessor-version":[{"id":22243,"href":"https:\/\/soniapena.com\/pt-pt\/wp-json\/wp\/v2\/posts\/22207\/revisions\/22243"}],"wp:featuredmedia":[{"embeddable":true,"href":"https:\/\/soniapena.com\/pt-pt\/wp-json\/wp\/v2\/media\/22214"}],"wp:attachment":[{"href":"https:\/\/soniapena.com\/pt-pt\/wp-json\/wp\/v2\/media?parent=22207"}],"wp:term":[{"taxonomy":"category","embeddable":true,"href":"https:\/\/soniapena.com\/pt-pt\/wp-json\/wp\/v2\/categories?post=22207"},{"taxonomy":"post_tag","embeddable":true,"href":"https:\/\/soniapena.com\/pt-pt\/wp-json\/wp\/v2\/tags?post=22207"}],"curies":[{"name":"wp","href":"https:\/\/api.w.org\/{rel}","templated":true}]}}